{"id":13322,"date":"2020-06-25T16:59:39","date_gmt":"2020-06-25T14:59:39","guid":{"rendered":"https:\/\/blogwoffu.midaweb.net\/?p=3158"},"modified":"2026-04-15T15:25:00","modified_gmt":"2026-04-15T13:25:00","slug":"como-digitalizar-la-gestion-de-vacaciones-en-tu-empresa","status":"publish","type":"post","link":"https:\/\/woffu.com\/es\/blog\/normativa\/es-tiempo-de-digitalizar-la-gestion-de-las-vacaciones-en-tu-organizacion\/","title":{"rendered":"C\u00f3mo digitalizar la gesti\u00f3n de vacaciones en tu empresa"},"content":{"rendered":"<p><strong>Gestionar las vacaciones de una empresa nunca ha sido tarea f\u00e1cil para nadie<\/strong>. Primero conviene estudiar las necesidades organizativas de cada departamento. Luego cuadrar fechas con cada uno de los miembros del equipo. Y, a partir de ah\u00ed, plantear el croquis a Recursos Humanos para que nos den su aprobaci\u00f3n.<\/p>\n<p>Todos sabemos qu\u00e9 significa organizar unas vacaciones en una empresa. Y si no contamos con ninguna <strong>herramienta que nos ayude a agilizar la tarea<\/strong>, el proceso hasta que llega el momento de disfrutarlas puede convertirse en un intercambio infinito de correos electr\u00f3nicos. En un sinf\u00edn de modificaciones que conducen de manera inevitable a incidencias y a una p\u00e9rdida de tiempo y recursos muy valiosos.<\/p>\n<p>Todo para llegar, al cabo de unos meses, a un nuevo per\u00edodo, en Navidad, Semana Santa o el verano que viene cuya gesti\u00f3n ser\u00e1, de nuevo,<strong> absolutamente agotadora para el equipo de Recursos Humanos<\/strong>.<\/p>\n<div id=\"ez-toc-container\" class=\"ez-toc-v2_0_82_2 counter-hierarchy ez-toc-counter ez-toc-custom ez-toc-container-direction\">\n<div class=\"ez-toc-title-container\">\n<div class=\"ez-toc-title\" style=\"cursor:inherit\">Tabla de contenidos<\/div>\n<span class=\"ez-toc-title-toggle\"><\/span><\/div>\n<nav><ul class='ez-toc-list ez-toc-list-level-1 ' ><li class='ez-toc-page-1 ez-toc-heading-level-2'><a class=\"ez-toc-link ez-toc-heading-1\" href=\"https:\/\/woffu.com\/es\/blog\/normativa\/es-tiempo-de-digitalizar-la-gestion-de-las-vacaciones-en-tu-organizacion\/#Gestionar_las_vacaciones_de_verano_ahora_una_realidad_compleja\" >Gestionar las vacaciones de verano ahora: una realidad compleja<\/a><\/li><li class='ez-toc-page-1 ez-toc-heading-level-2'><a class=\"ez-toc-link ez-toc-heading-2\" href=\"https:\/\/woffu.com\/es\/blog\/normativa\/es-tiempo-de-digitalizar-la-gestion-de-las-vacaciones-en-tu-organizacion\/#Las_ventajas_de_digitalizar_la_gestion_de_las_vacaciones\" >Las ventajas de digitalizar la gesti\u00f3n de las vacaciones\u00a0<\/a><\/li><\/ul><\/nav><\/div>\n<h2><span class=\"ez-toc-section\" id=\"Gestionar_las_vacaciones_de_verano_ahora_una_realidad_compleja\"><\/span><strong>Gestionar las vacaciones de verano ahora: una realidad compleja<\/strong><span class=\"ez-toc-section-end\"><\/span><\/h2>\n<p>Est\u00e1 claro que la situaci\u00f3n actual complicar\u00e1 un poco m\u00e1s la gesti\u00f3n este verano. Es muy probable que los profesionales tengan que coger sus vacaciones en momentos distintos. Algunos tendr\u00e1n menos vacaciones porque habr\u00e1n estado en situaci\u00f3n de ERTE y necesitaremos calcular de manera transparente y precisa sus d\u00edas disponibles. Otros habr\u00e1n contado con el Permiso Retribuible Recuperable y estar\u00e1n recuperando sus horas de manera coordinada hasta diciembre. Est\u00e1 claro que las distintas casu\u00edsticas <strong>har\u00e1n todav\u00eda m\u00e1s compleja la tarea de gestionar las vacaciones<\/strong>.<\/p>\n<p>\u00bfC\u00f3mo podemos ayudar a nuestros equipos a gestionar de una manera m\u00e1s \u00e1gil las vacaciones? \u00bfC\u00f3mo podemos brindar mayor transparencia a nuestros empleados y responsables? La respuesta est\u00e1, sin duda alguna, en la <strong>digitalizaci\u00f3n<\/strong>.<\/p>\n<p><img decoding=\"async\" class=\"aligncenter wp-image-13495 size-full\" src=\"https:\/\/woffu.com\/wp-content\/uploads\/2020\/06\/vacaciones-woffu-2.jpg\" alt=\"\" width=\"2000\" height=\"1500\" srcset=\"https:\/\/woffu.com\/wp-content\/uploads\/2020\/06\/vacaciones-woffu-2.jpg 2000w, https:\/\/woffu.com\/wp-content\/uploads\/2020\/06\/vacaciones-woffu-2-300x225.jpg 300w, https:\/\/woffu.com\/wp-content\/uploads\/2020\/06\/vacaciones-woffu-2-1024x768.jpg 1024w, https:\/\/woffu.com\/wp-content\/uploads\/2020\/06\/vacaciones-woffu-2-768x576.jpg 768w, https:\/\/woffu.com\/wp-content\/uploads\/2020\/06\/vacaciones-woffu-2-1536x1152.jpg 1536w\" sizes=\"(max-width: 2000px) 100vw, 2000px\" \/><\/p>\n<h2><span class=\"ez-toc-section\" id=\"Las_ventajas_de_digitalizar_la_gestion_de_las_vacaciones\"><\/span><strong>Las ventajas de digitalizar la gesti\u00f3n de las vacaciones\u00a0<\/strong><span class=\"ez-toc-section-end\"><\/span><\/h2>\n<p>Digitalizar la gesti\u00f3n de las vacaciones es una opci\u00f3n perfectamente viable y r\u00e1pida de adaptar a la realidad de cualquier empresa. A trav\u00e9s de <a href=\"https:\/\/woffu.com\/es\/control-de-vacaciones-y-ausencias-de-empleados\/\" target=\"_blank\" rel=\"noopener noreferrer\"><strong>Woffu<\/strong><\/a>, podemos:<\/p>\n<ul>\n<li><strong>Solicitar vacaciones (o ausencias) en apenas tres clics<\/strong>. Los empleados eligen sus d\u00edas y los env\u00edan a Recursos Humanos directamente, sin correos de por medio, despu\u00e9s de haberlo acordado con sus equipos, si as\u00ed lo dicta la pol\u00edtica de cada departamento. Esta petici\u00f3n puede hacerse en cualquier momento y desde cualquier lugar a trav\u00e9s de Woffu, lo que sin duda es perfecto para aquellos profesionales que todav\u00eda est\u00e9n teletrabajando.<\/li>\n<li><strong>Dar y obtener la aprobaci\u00f3n directamente<\/strong>. Una vez recibida la solicitud, si los d\u00edas de vacaciones o de ausencia son aprobados, el departamento de Recursos Humanos o responsables inmediatos podr\u00e1n confirmarla o rechazarla, realizando las indicaciones que sean precisas. De hecho, incluso pueden configurarse normas, para que as\u00ed todos los miembros del equipo tengan en cuenta c\u00f3mo solicitar sus vacaciones y en qu\u00e9 fechas. En caso de las ausencias que deban justificarse, los empleados podr\u00e1n adjuntar los justificantes dentro de la misma plataforma, r\u00e1pida y \u00e1gilmente.<\/li>\n<li><strong>Autogestionar las vacaciones<\/strong>. Woffu es una buena manera de tener siempre claros cu\u00e1ntos d\u00edas le quedan a cada empleado de vacaciones, planificar sus d\u00edas libres y presentar cualquier solicitud, aunque sea por horas.<\/li>\n<li><strong>Ahorrar tiempo y recursos<\/strong>. El intercambio de correos electr\u00f3nicos, los cambios constantes y cualquier otro detalle organizativo puede ser un obst\u00e1culo para los profesionales del departamento de Recursos Humanos, cuya tarea no acaba en la organizaci\u00f3n de las vacaciones de la empresa. Gracias a Woffu, tanto ellos como el resto de empleados pueden ahorrar el 85% del tiempo dedicado a la gesti\u00f3n de vacaciones y ausencias y hasta un 55% en costes de la gesti\u00f3n del tiempo.<\/li>\n<\/ul>\n<p>Y vosotros, \u00bfc\u00f3mo organizar\u00e9is este a\u00f1o las vacaciones?<\/p>\n","protected":false},"excerpt":{"rendered":"<p>Se acerca el verano y este a\u00f1o gestionar las vacaciones ser\u00e1 un poco m\u00e1s complejo. Te contamos c\u00f3mo puede ayudarte Woffu a ser m\u00e1s eficiente.<\/p>\n","protected":false},"author":19,"featured_media":13491,"comment_status":"closed","ping_status":"closed","sticky":false,"template":"","format":"standard","meta":{"_acf_changed":false,"inline_featured_image":false,"footnotes":""},"categories":[102],"tags":[],"class_list":["post-13322","post","type-post","status-publish","format-standard","has-post-thumbnail","hentry","category-normativa"],"acf":[],"yoast_head":"<!-- This site is optimized with the Yoast SEO plugin v27.3 - https:\/\/yoast.com\/product\/yoast-seo-wordpress\/ -->\n<title>C\u00f3mo digitalizar la gesti\u00f3n de vacaciones en tu empresa<\/title>\n<meta name=\"description\" content=\"Se acerca el verano y este a\u00f1o gestionar las vacaciones ser\u00e1 un poco m\u00e1s complejo. Te contamos c\u00f3mo puede ayudarte Woffu a ser m\u00e1s eficiente.\" \/>\n<meta name=\"robots\" content=\"index, follow, max-snippet:-1, max-image-preview:large, max-video-preview:-1\" \/>\n<link rel=\"canonical\" href=\"https:\/\/woffu.com\/es\/blog\/normativa\/es-tiempo-de-digitalizar-la-gestion-de-las-vacaciones-en-tu-organizacion\/\" \/>\n<meta property=\"og:locale\" content=\"es_ES\" \/>\n<meta property=\"og:type\" content=\"article\" \/>\n<meta property=\"og:title\" content=\"C\u00f3mo digitalizar la gesti\u00f3n de vacaciones en tu empresa\" \/>\n<meta property=\"og:description\" content=\"Se acerca el verano y este a\u00f1o gestionar las vacaciones ser\u00e1 un poco m\u00e1s complejo. Te contamos c\u00f3mo puede ayudarte Woffu a ser m\u00e1s eficiente.\" \/>\n<meta property=\"og:url\" content=\"https:\/\/woffu.com\/es\/blog\/normativa\/es-tiempo-de-digitalizar-la-gestion-de-las-vacaciones-en-tu-organizacion\/\" \/>\n<meta property=\"og:site_name\" content=\"Woffu\" \/>\n<meta property=\"article:publisher\" content=\"https:\/\/www.facebook.com\/woffu\/\" \/>\n<meta property=\"article:published_time\" content=\"2020-06-25T14:59:39+00:00\" \/>\n<meta property=\"article:modified_time\" content=\"2026-04-15T13:25:00+00:00\" \/>\n<meta property=\"og:image\" content=\"https:\/\/woffu.com\/wp-content\/uploads\/2020\/06\/vacaciones-woffu.jpg\" \/>\n\t<meta property=\"og:image:width\" content=\"1300\" \/>\n\t<meta property=\"og:image:height\" content=\"865\" \/>\n\t<meta property=\"og:image:type\" content=\"image\/jpeg\" \/>\n<meta name=\"author\" content=\"Laia Hernando\" \/>\n<meta name=\"twitter:card\" content=\"summary_large_image\" \/>\n<meta name=\"twitter:creator\" content=\"@Woffu_App\" \/>\n<meta name=\"twitter:site\" content=\"@Woffu_App\" \/>\n<meta name=\"twitter:label1\" content=\"Escrito por\" \/>\n\t<meta name=\"twitter:data1\" content=\"Laia Hernando\" \/>\n\t<meta name=\"twitter:label2\" content=\"Tiempo de lectura\" \/>\n\t<meta name=\"twitter:data2\" content=\"4 minutos\" \/>\n<script type=\"application\/ld+json\" class=\"yoast-schema-graph\">{\"@context\":\"https:\\\/\\\/schema.org\",\"@graph\":[{\"@type\":\"Article\",\"@id\":\"https:\\\/\\\/woffu.com\\\/es\\\/blog\\\/normativa\\\/es-tiempo-de-digitalizar-la-gestion-de-las-vacaciones-en-tu-organizacion\\\/#article\",\"isPartOf\":{\"@id\":\"https:\\\/\\\/woffu.com\\\/es\\\/blog\\\/normativa\\\/es-tiempo-de-digitalizar-la-gestion-de-las-vacaciones-en-tu-organizacion\\\/\"},\"author\":{\"name\":\"Laia Hernando\",\"@id\":\"https:\\\/\\\/woffu.com\\\/es\\\/#\\\/schema\\\/person\\\/a2a10515d6550410fbb1709ad5dc6d8b\"},\"headline\":\"C\u00f3mo digitalizar la gesti\u00f3n de vacaciones en tu empresa\",\"datePublished\":\"2020-06-25T14:59:39+00:00\",\"dateModified\":\"2026-04-15T13:25:00+00:00\",\"mainEntityOfPage\":{\"@id\":\"https:\\\/\\\/woffu.com\\\/es\\\/blog\\\/normativa\\\/es-tiempo-de-digitalizar-la-gestion-de-las-vacaciones-en-tu-organizacion\\\/\"},\"wordCount\":646,\"publisher\":{\"@id\":\"https:\\\/\\\/woffu.com\\\/es\\\/#organization\"},\"image\":{\"@id\":\"https:\\\/\\\/woffu.com\\\/es\\\/blog\\\/normativa\\\/es-tiempo-de-digitalizar-la-gestion-de-las-vacaciones-en-tu-organizacion\\\/#primaryimage\"},\"thumbnailUrl\":\"https:\\\/\\\/woffu.com\\\/wp-content\\\/uploads\\\/2020\\\/06\\\/vacaciones-woffu.jpg\",\"articleSection\":[\"Normativa\"],\"inLanguage\":\"es\"},{\"@type\":\"WebPage\",\"@id\":\"https:\\\/\\\/woffu.com\\\/es\\\/blog\\\/normativa\\\/es-tiempo-de-digitalizar-la-gestion-de-las-vacaciones-en-tu-organizacion\\\/\",\"url\":\"https:\\\/\\\/woffu.com\\\/es\\\/blog\\\/normativa\\\/es-tiempo-de-digitalizar-la-gestion-de-las-vacaciones-en-tu-organizacion\\\/\",\"name\":\"C\u00f3mo digitalizar la gesti\u00f3n de vacaciones en tu empresa\",\"isPartOf\":{\"@id\":\"https:\\\/\\\/woffu.com\\\/es\\\/#website\"},\"primaryImageOfPage\":{\"@id\":\"https:\\\/\\\/woffu.com\\\/es\\\/blog\\\/normativa\\\/es-tiempo-de-digitalizar-la-gestion-de-las-vacaciones-en-tu-organizacion\\\/#primaryimage\"},\"image\":{\"@id\":\"https:\\\/\\\/woffu.com\\\/es\\\/blog\\\/normativa\\\/es-tiempo-de-digitalizar-la-gestion-de-las-vacaciones-en-tu-organizacion\\\/#primaryimage\"},\"thumbnailUrl\":\"https:\\\/\\\/woffu.com\\\/wp-content\\\/uploads\\\/2020\\\/06\\\/vacaciones-woffu.jpg\",\"datePublished\":\"2020-06-25T14:59:39+00:00\",\"dateModified\":\"2026-04-15T13:25:00+00:00\",\"description\":\"Se acerca el verano y este a\u00f1o gestionar las vacaciones ser\u00e1 un poco m\u00e1s complejo. Te contamos c\u00f3mo puede ayudarte Woffu a ser m\u00e1s eficiente.\",\"breadcrumb\":{\"@id\":\"https:\\\/\\\/woffu.com\\\/es\\\/blog\\\/normativa\\\/es-tiempo-de-digitalizar-la-gestion-de-las-vacaciones-en-tu-organizacion\\\/#breadcrumb\"},\"inLanguage\":\"es\",\"potentialAction\":[{\"@type\":\"ReadAction\",\"target\":[\"https:\\\/\\\/woffu.com\\\/es\\\/blog\\\/normativa\\\/es-tiempo-de-digitalizar-la-gestion-de-las-vacaciones-en-tu-organizacion\\\/\"]}]},{\"@type\":\"ImageObject\",\"inLanguage\":\"es\",\"@id\":\"https:\\\/\\\/woffu.com\\\/es\\\/blog\\\/normativa\\\/es-tiempo-de-digitalizar-la-gestion-de-las-vacaciones-en-tu-organizacion\\\/#primaryimage\",\"url\":\"https:\\\/\\\/woffu.com\\\/wp-content\\\/uploads\\\/2020\\\/06\\\/vacaciones-woffu.jpg\",\"contentUrl\":\"https:\\\/\\\/woffu.com\\\/wp-content\\\/uploads\\\/2020\\\/06\\\/vacaciones-woffu.jpg\",\"width\":1300,\"height\":865},{\"@type\":\"BreadcrumbList\",\"@id\":\"https:\\\/\\\/woffu.com\\\/es\\\/blog\\\/normativa\\\/es-tiempo-de-digitalizar-la-gestion-de-las-vacaciones-en-tu-organizacion\\\/#breadcrumb\",\"itemListElement\":[{\"@type\":\"ListItem\",\"position\":1,\"name\":\"Portada\",\"item\":\"https:\\\/\\\/woffu.com\\\/es\\\/\"},{\"@type\":\"ListItem\",\"position\":2,\"name\":\"C\u00f3mo digitalizar la gesti\u00f3n de vacaciones en tu empresa\"}]},{\"@type\":\"WebSite\",\"@id\":\"https:\\\/\\\/woffu.com\\\/es\\\/#website\",\"url\":\"https:\\\/\\\/woffu.com\\\/es\\\/\",\"name\":\"Woffu\",\"description\":\"Woffu es una plataforma digital que facilita la gesti\u00f3n del tiempo laboral, control horario, vacaciones y ausencias, optimizando procesos de recursos humanos y asegurando el cumplimiento normativo en las empresas.\",\"publisher\":{\"@id\":\"https:\\\/\\\/woffu.com\\\/es\\\/#organization\"},\"alternateName\":\"Woffu\",\"potentialAction\":[{\"@type\":\"SearchAction\",\"target\":{\"@type\":\"EntryPoint\",\"urlTemplate\":\"https:\\\/\\\/woffu.com\\\/es\\\/?s={search_term_string}\"},\"query-input\":{\"@type\":\"PropertyValueSpecification\",\"valueRequired\":true,\"valueName\":\"search_term_string\"}}],\"inLanguage\":\"es\"},{\"@type\":\"Organization\",\"@id\":\"https:\\\/\\\/woffu.com\\\/es\\\/#organization\",\"name\":\"Woffu\",\"url\":\"https:\\\/\\\/woffu.com\\\/es\\\/\",\"logo\":{\"@type\":\"ImageObject\",\"inLanguage\":\"es\",\"@id\":\"https:\\\/\\\/woffu.com\\\/es\\\/#\\\/schema\\\/logo\\\/image\\\/\",\"url\":\"https:\\\/\\\/woffu.com\\\/wp-content\\\/uploads\\\/2021\\\/08\\\/logo-woffu-dark.svg\",\"contentUrl\":\"https:\\\/\\\/woffu.com\\\/wp-content\\\/uploads\\\/2021\\\/08\\\/logo-woffu-dark.svg\",\"width\":161,\"height\":38,\"caption\":\"Woffu\"},\"image\":{\"@id\":\"https:\\\/\\\/woffu.com\\\/es\\\/#\\\/schema\\\/logo\\\/image\\\/\"},\"sameAs\":[\"https:\\\/\\\/www.facebook.com\\\/woffu\\\/\",\"https:\\\/\\\/x.com\\\/Woffu_App\",\"https:\\\/\\\/www.instagram.com\\\/woffu\\\/\",\"https:\\\/\\\/www.linkedin.com\\\/company\\\/woffu\\\/\"],\"telephone\":\"+34 932059750\",\"address\":{\"@type\":\"PostalAddress\",\"streetAddress\":\"Carrer de Mexic, 8\",\"postalCode\":\"08004\",\"addressLocality\":\"Barcelona\",\"addressCountry\":\"ES\"},\"contactPoint\":[{\"@type\":\"ContactPoint\",\"contactType\":\"customer support\",\"telephone\":\"+34 932059750\",\"email\":\"help@woffu.com\",\"url\":\"https:\\\/\\\/woffu.com\\\/es\\\/contacto\\\/\",\"areaServed\":\"ES\",\"availableLanguage\":[\"es\",\"en\"],\"hoursAvailable\":[{\"@type\":\"OpeningHoursSpecification\",\"dayOfWeek\":[\"https:\\\/\\\/schema.org\\\/Monday\",\"https:\\\/\\\/schema.org\\\/Tuesday\",\"https:\\\/\\\/schema.org\\\/Wednesday\",\"https:\\\/\\\/schema.org\\\/Thursday\"],\"opens\":\"08:30\",\"closes\":\"19:00\"},{\"@type\":\"OpeningHoursSpecification\",\"dayOfWeek\":\"https:\\\/\\\/schema.org\\\/Friday\",\"opens\":\"08:30\",\"closes\":\"14:00\"}]},{\"@type\":\"ContactPoint\",\"contactType\":\"sales\",\"telephone\":\"+34 932059750\",\"email\":\"sales@woffu.com\",\"url\":\"https:\\\/\\\/woffu.com\\\/es\\\/demo\\\/\",\"areaServed\":\"ES\",\"availableLanguage\":[\"es\",\"en\"],\"hoursAvailable\":[{\"@type\":\"OpeningHoursSpecification\",\"dayOfWeek\":[\"https:\\\/\\\/schema.org\\\/Monday\",\"https:\\\/\\\/schema.org\\\/Tuesday\",\"https:\\\/\\\/schema.org\\\/Wednesday\",\"https:\\\/\\\/schema.org\\\/Thursday\"],\"opens\":\"08:30\",\"closes\":\"19:00\"},{\"@type\":\"OpeningHoursSpecification\",\"dayOfWeek\":\"https:\\\/\\\/schema.org\\\/Friday\",\"opens\":\"08:30\",\"closes\":\"14:00\"}]}]},{\"@type\":\"Person\",\"@id\":\"https:\\\/\\\/woffu.com\\\/es\\\/#\\\/schema\\\/person\\\/a2a10515d6550410fbb1709ad5dc6d8b\",\"name\":\"Laia Hernando\",\"image\":{\"@type\":\"ImageObject\",\"inLanguage\":\"es\",\"@id\":\"https:\\\/\\\/secure.gravatar.com\\\/avatar\\\/6d8b85406998c9165f64c48b58a385ffb536316735e88cea46ea89f35b27705f?s=96&d=mm&r=g\",\"url\":\"https:\\\/\\\/secure.gravatar.com\\\/avatar\\\/6d8b85406998c9165f64c48b58a385ffb536316735e88cea46ea89f35b27705f?s=96&d=mm&r=g\",\"contentUrl\":\"https:\\\/\\\/secure.gravatar.com\\\/avatar\\\/6d8b85406998c9165f64c48b58a385ffb536316735e88cea46ea89f35b27705f?s=96&d=mm&r=g\",\"caption\":\"Laia Hernando\"},\"description\":\"Directora de Operaciones (COO) en Woffu. Experta en optimizaci\u00f3n de procesos y gesti\u00f3n eficiente de recursos. Laia lidera la estrategia operativa para garantizar que la digitalizaci\u00f3n de los Recursos Humanos y la gesti\u00f3n del tiempo sean una realidad fluida, innovadora y escalable para las empresas.\",\"sameAs\":[\"https:\\\/\\\/www.linkedin.com\\\/in\\\/laia-hernando-badia\\\/\"],\"url\":\"https:\\\/\\\/woffu.com\\\/es\\\/author\\\/267es\\\/\"}]}<\/script>\n<!-- \/ Yoast SEO plugin. -->","yoast_head_json":{"title":"C\u00f3mo digitalizar la gesti\u00f3n de vacaciones en tu empresa","description":"Se acerca el verano y este a\u00f1o gestionar las vacaciones ser\u00e1 un poco m\u00e1s complejo. Te contamos c\u00f3mo puede ayudarte Woffu a ser m\u00e1s eficiente.","robots":{"index":"index","follow":"follow","max-snippet":"max-snippet:-1","max-image-preview":"max-image-preview:large","max-video-preview":"max-video-preview:-1"},"canonical":"https:\/\/woffu.com\/es\/blog\/normativa\/es-tiempo-de-digitalizar-la-gestion-de-las-vacaciones-en-tu-organizacion\/","og_locale":"es_ES","og_type":"article","og_title":"C\u00f3mo digitalizar la gesti\u00f3n de vacaciones en tu empresa","og_description":"Se acerca el verano y este a\u00f1o gestionar las vacaciones ser\u00e1 un poco m\u00e1s complejo. Te contamos c\u00f3mo puede ayudarte Woffu a ser m\u00e1s eficiente.","og_url":"https:\/\/woffu.com\/es\/blog\/normativa\/es-tiempo-de-digitalizar-la-gestion-de-las-vacaciones-en-tu-organizacion\/","og_site_name":"Woffu","article_publisher":"https:\/\/www.facebook.com\/woffu\/","article_published_time":"2020-06-25T14:59:39+00:00","article_modified_time":"2026-04-15T13:25:00+00:00","og_image":[{"width":1300,"height":865,"url":"https:\/\/woffu.com\/wp-content\/uploads\/2020\/06\/vacaciones-woffu.jpg","type":"image\/jpeg"}],"author":"Laia Hernando","twitter_card":"summary_large_image","twitter_creator":"@Woffu_App","twitter_site":"@Woffu_App","twitter_misc":{"Escrito por":"Laia Hernando","Tiempo de lectura":"4 minutos"},"schema":{"@context":"https:\/\/schema.org","@graph":[{"@type":"Article","@id":"https:\/\/woffu.com\/es\/blog\/normativa\/es-tiempo-de-digitalizar-la-gestion-de-las-vacaciones-en-tu-organizacion\/#article","isPartOf":{"@id":"https:\/\/woffu.com\/es\/blog\/normativa\/es-tiempo-de-digitalizar-la-gestion-de-las-vacaciones-en-tu-organizacion\/"},"author":{"name":"Laia Hernando","@id":"https:\/\/woffu.com\/es\/#\/schema\/person\/a2a10515d6550410fbb1709ad5dc6d8b"},"headline":"C\u00f3mo digitalizar la gesti\u00f3n de vacaciones en tu empresa","datePublished":"2020-06-25T14:59:39+00:00","dateModified":"2026-04-15T13:25:00+00:00","mainEntityOfPage":{"@id":"https:\/\/woffu.com\/es\/blog\/normativa\/es-tiempo-de-digitalizar-la-gestion-de-las-vacaciones-en-tu-organizacion\/"},"wordCount":646,"publisher":{"@id":"https:\/\/woffu.com\/es\/#organization"},"image":{"@id":"https:\/\/woffu.com\/es\/blog\/normativa\/es-tiempo-de-digitalizar-la-gestion-de-las-vacaciones-en-tu-organizacion\/#primaryimage"},"thumbnailUrl":"https:\/\/woffu.com\/wp-content\/uploads\/2020\/06\/vacaciones-woffu.jpg","articleSection":["Normativa"],"inLanguage":"es"},{"@type":"WebPage","@id":"https:\/\/woffu.com\/es\/blog\/normativa\/es-tiempo-de-digitalizar-la-gestion-de-las-vacaciones-en-tu-organizacion\/","url":"https:\/\/woffu.com\/es\/blog\/normativa\/es-tiempo-de-digitalizar-la-gestion-de-las-vacaciones-en-tu-organizacion\/","name":"C\u00f3mo digitalizar la gesti\u00f3n de vacaciones en tu empresa","isPartOf":{"@id":"https:\/\/woffu.com\/es\/#website"},"primaryImageOfPage":{"@id":"https:\/\/woffu.com\/es\/blog\/normativa\/es-tiempo-de-digitalizar-la-gestion-de-las-vacaciones-en-tu-organizacion\/#primaryimage"},"image":{"@id":"https:\/\/woffu.com\/es\/blog\/normativa\/es-tiempo-de-digitalizar-la-gestion-de-las-vacaciones-en-tu-organizacion\/#primaryimage"},"thumbnailUrl":"https:\/\/woffu.com\/wp-content\/uploads\/2020\/06\/vacaciones-woffu.jpg","datePublished":"2020-06-25T14:59:39+00:00","dateModified":"2026-04-15T13:25:00+00:00","description":"Se acerca el verano y este a\u00f1o gestionar las vacaciones ser\u00e1 un poco m\u00e1s complejo. Te contamos c\u00f3mo puede ayudarte Woffu a ser m\u00e1s eficiente.","breadcrumb":{"@id":"https:\/\/woffu.com\/es\/blog\/normativa\/es-tiempo-de-digitalizar-la-gestion-de-las-vacaciones-en-tu-organizacion\/#breadcrumb"},"inLanguage":"es","potentialAction":[{"@type":"ReadAction","target":["https:\/\/woffu.com\/es\/blog\/normativa\/es-tiempo-de-digitalizar-la-gestion-de-las-vacaciones-en-tu-organizacion\/"]}]},{"@type":"ImageObject","inLanguage":"es","@id":"https:\/\/woffu.com\/es\/blog\/normativa\/es-tiempo-de-digitalizar-la-gestion-de-las-vacaciones-en-tu-organizacion\/#primaryimage","url":"https:\/\/woffu.com\/wp-content\/uploads\/2020\/06\/vacaciones-woffu.jpg","contentUrl":"https:\/\/woffu.com\/wp-content\/uploads\/2020\/06\/vacaciones-woffu.jpg","width":1300,"height":865},{"@type":"BreadcrumbList","@id":"https:\/\/woffu.com\/es\/blog\/normativa\/es-tiempo-de-digitalizar-la-gestion-de-las-vacaciones-en-tu-organizacion\/#breadcrumb","itemListElement":[{"@type":"ListItem","position":1,"name":"Portada","item":"https:\/\/woffu.com\/es\/"},{"@type":"ListItem","position":2,"name":"C\u00f3mo digitalizar la gesti\u00f3n de vacaciones en tu empresa"}]},{"@type":"WebSite","@id":"https:\/\/woffu.com\/es\/#website","url":"https:\/\/woffu.com\/es\/","name":"Woffu","description":"Woffu es una plataforma digital que facilita la gesti\u00f3n del tiempo laboral, control horario, vacaciones y ausencias, optimizando procesos de recursos humanos y asegurando el cumplimiento normativo en las empresas.","publisher":{"@id":"https:\/\/woffu.com\/es\/#organization"},"alternateName":"Woffu","potentialAction":[{"@type":"SearchAction","target":{"@type":"EntryPoint","urlTemplate":"https:\/\/woffu.com\/es\/?s={search_term_string}"},"query-input":{"@type":"PropertyValueSpecification","valueRequired":true,"valueName":"search_term_string"}}],"inLanguage":"es"},{"@type":"Organization","@id":"https:\/\/woffu.com\/es\/#organization","name":"Woffu","url":"https:\/\/woffu.com\/es\/","logo":{"@type":"ImageObject","inLanguage":"es","@id":"https:\/\/woffu.com\/es\/#\/schema\/logo\/image\/","url":"https:\/\/woffu.com\/wp-content\/uploads\/2021\/08\/logo-woffu-dark.svg","contentUrl":"https:\/\/woffu.com\/wp-content\/uploads\/2021\/08\/logo-woffu-dark.svg","width":161,"height":38,"caption":"Woffu"},"image":{"@id":"https:\/\/woffu.com\/es\/#\/schema\/logo\/image\/"},"sameAs":["https:\/\/www.facebook.com\/woffu\/","https:\/\/x.com\/Woffu_App","https:\/\/www.instagram.com\/woffu\/","https:\/\/www.linkedin.com\/company\/woffu\/"],"telephone":"+34 932059750","address":{"@type":"PostalAddress","streetAddress":"Carrer de Mexic, 8","postalCode":"08004","addressLocality":"Barcelona","addressCountry":"ES"},"contactPoint":[{"@type":"ContactPoint","contactType":"customer support","telephone":"+34 932059750","email":"help@woffu.com","url":"https:\/\/woffu.com\/es\/contacto\/","areaServed":"ES","availableLanguage":["es","en"],"hoursAvailable":[{"@type":"OpeningHoursSpecification","dayOfWeek":["https:\/\/schema.org\/Monday","https:\/\/schema.org\/Tuesday","https:\/\/schema.org\/Wednesday","https:\/\/schema.org\/Thursday"],"opens":"08:30","closes":"19:00"},{"@type":"OpeningHoursSpecification","dayOfWeek":"https:\/\/schema.org\/Friday","opens":"08:30","closes":"14:00"}]},{"@type":"ContactPoint","contactType":"sales","telephone":"+34 932059750","email":"sales@woffu.com","url":"https:\/\/woffu.com\/es\/demo\/","areaServed":"ES","availableLanguage":["es","en"],"hoursAvailable":[{"@type":"OpeningHoursSpecification","dayOfWeek":["https:\/\/schema.org\/Monday","https:\/\/schema.org\/Tuesday","https:\/\/schema.org\/Wednesday","https:\/\/schema.org\/Thursday"],"opens":"08:30","closes":"19:00"},{"@type":"OpeningHoursSpecification","dayOfWeek":"https:\/\/schema.org\/Friday","opens":"08:30","closes":"14:00"}]}]},{"@type":"Person","@id":"https:\/\/woffu.com\/es\/#\/schema\/person\/a2a10515d6550410fbb1709ad5dc6d8b","name":"Laia Hernando","image":{"@type":"ImageObject","inLanguage":"es","@id":"https:\/\/secure.gravatar.com\/avatar\/6d8b85406998c9165f64c48b58a385ffb536316735e88cea46ea89f35b27705f?s=96&d=mm&r=g","url":"https:\/\/secure.gravatar.com\/avatar\/6d8b85406998c9165f64c48b58a385ffb536316735e88cea46ea89f35b27705f?s=96&d=mm&r=g","contentUrl":"https:\/\/secure.gravatar.com\/avatar\/6d8b85406998c9165f64c48b58a385ffb536316735e88cea46ea89f35b27705f?s=96&d=mm&r=g","caption":"Laia Hernando"},"description":"Directora de Operaciones (COO) en Woffu. Experta en optimizaci\u00f3n de procesos y gesti\u00f3n eficiente de recursos. Laia lidera la estrategia operativa para garantizar que la digitalizaci\u00f3n de los Recursos Humanos y la gesti\u00f3n del tiempo sean una realidad fluida, innovadora y escalable para las empresas.","sameAs":["https:\/\/www.linkedin.com\/in\/laia-hernando-badia\/"],"url":"https:\/\/woffu.com\/es\/author\/267es\/"}]}},"_links":{"self":[{"href":"https:\/\/woffu.com\/es\/wp-json\/wp\/v2\/posts\/13322","targetHints":{"allow":["GET"]}}],"collection":[{"href":"https:\/\/woffu.com\/es\/wp-json\/wp\/v2\/posts"}],"about":[{"href":"https:\/\/woffu.com\/es\/wp-json\/wp\/v2\/types\/post"}],"author":[{"embeddable":true,"href":"https:\/\/woffu.com\/es\/wp-json\/wp\/v2\/users\/19"}],"replies":[{"embeddable":true,"href":"https:\/\/woffu.com\/es\/wp-json\/wp\/v2\/comments?post=13322"}],"version-history":[{"count":3,"href":"https:\/\/woffu.com\/es\/wp-json\/wp\/v2\/posts\/13322\/revisions"}],"predecessor-version":[{"id":15309,"href":"https:\/\/woffu.com\/es\/wp-json\/wp\/v2\/posts\/13322\/revisions\/15309"}],"wp:featuredmedia":[{"embeddable":true,"href":"https:\/\/woffu.com\/es\/wp-json\/wp\/v2\/media\/13491"}],"wp:attachment":[{"href":"https:\/\/woffu.com\/es\/wp-json\/wp\/v2\/media?parent=13322"}],"wp:term":[{"taxonomy":"category","embeddable":true,"href":"https:\/\/woffu.com\/es\/wp-json\/wp\/v2\/categories?post=13322"},{"taxonomy":"post_tag","embeddable":true,"href":"https:\/\/woffu.com\/es\/wp-json\/wp\/v2\/tags?post=13322"}],"curies":[{"name":"wp","href":"https:\/\/api.w.org\/{rel}","templated":true}]}}